{"id":23080,"date":"2021-12-27T10:12:08","date_gmt":"2021-12-27T16:12:08","guid":{"rendered":"https:\/\/dev.airchecklab.com\/aire-respirable-comprimido-contaminacion-por-vapor-de-agua\/"},"modified":"2021-12-27T10:12:11","modified_gmt":"2021-12-27T16:12:11","slug":"aire-respirable-comprimido-contaminacion-por-vapor-de-agua","status":"publish","type":"post","link":"https:\/\/www.airchecklab.com\/es\/educacion\/aire-respirable-comprimido-contaminacion-por-vapor-de-agua\/","title":{"rendered":"Aire respirable comprimido: contaminaci\u00f3n por vapor de agua"},"content":{"rendered":"<p><div class=\"fusion-fullwidth fullwidth-box fusion-builder-row-1 fusion-flex-container nonhundred-percent-fullwidth non-hundred-percent-height-scrolling\" style=\"--awb-border-radius-top-left:0px;--awb-border-radius-top-right:0px;--awb-border-radius-bottom-right:0px;--awb-border-radius-bottom-left:0px;\" ><div class=\"fusion-builder-row fusion-row fusion-flex-align-items-flex-start\" style=\"max-width:1227.2px;margin-left: calc(-4% \/ 2 );margin-right: calc(-4% \/ 2 );\"><div class=\"fusion-layout-column fusion_builder_column fusion-builder-column-0 fusion_builder_column_1_1 1_1 fusion-flex-column\" style=\"--awb-bg-size:cover;--awb-width-large:100%;--awb-spacing-right-large:1.92%;--awb-spacing-left-large:1.92%;--awb-width-medium:100%;--awb-order-medium:0;--awb-spacing-right-medium:1.92%;--awb-spacing-left-medium:1.92%;--awb-width-small:100%;--awb-order-small:0;--awb-spacing-right-small:1.92%;--awb-spacing-left-small:1.92%;\"><div class=\"fusion-column-wrapper fusion-column-has-shadow fusion-flex-justify-content-flex-start fusion-content-layout-column\"><div class=\"fusion-text fusion-text-1\" style=\"--awb-text-transform:none;\"><p>En nuestro \u00faltimo blog sobre la contaminaci\u00f3n del aire respiratorio, discutimos los peligros de la <a href=\"https:\/\/www.airchecklab.com\/es\/academia-aircheck%e2%9c%93\/respirando-aire\/fuentes-de-contaminacion\/monoxido-de-carbono\/\">contaminaci\u00f3n por mon\u00f3xido<\/a> de carbono. Si bien el CO es una de las formas m\u00e1s peligrosas de contaminaci\u00f3n del aire respiratorio, no es la m\u00e1s com\u00fan. Ese t\u00edtulo corresponde al vapor de agua.<\/p>\n<\/div><div class=\"fusion-title title fusion-title-1 fusion-title-text fusion-title-size-two\" style=\"--awb-text-color:#181e21;\"><div class=\"title-sep-container title-sep-container-left fusion-no-large-visibility fusion-no-medium-visibility fusion-no-small-visibility\"><div class=\"title-sep sep- sep-solid\" style=\"border-color:#9ca1a6;\"><\/div><\/div><span class=\"awb-title-spacer fusion-no-large-visibility fusion-no-medium-visibility fusion-no-small-visibility\"><\/span><h2 class=\"title-heading-left fusion-responsive-typography-calculated\" style=\"margin:0;--fontSize:44;line-height:1.05;\">\u00bfDe d\u00f3nde proviene el agua?<\/h2><span class=\"awb-title-spacer\"><\/span><div class=\"title-sep-container title-sep-container-right\"><div class=\"title-sep sep- sep-solid\" style=\"border-color:#9ca1a6;\"><\/div><\/div><\/div><div class=\"fusion-text fusion-text-2\" style=\"--awb-text-transform:none;\"><p>Seg\u00fan <a href=\"https:\/\/www.parker.com\/Literature\/IGFG\/PDF-Files\/WPCAC-00-NA-012021_POST.pdf\">Parker Hannifin<\/a> , hasta el 99,9% de la contaminaci\u00f3n l\u00edquida total en un sistema de aire comprimido t\u00edpico es agua. Cuando se comprime el aire ambiente, la temperatura del aire aumenta, provocando un aumento en la retenci\u00f3n de vapor de agua. Su compresor crea un ambiente de alta presi\u00f3n, \u201ccomprimiendo\u201d o exprimiendo el vapor de agua del aire. Antes de salir del compresor, el aire se enfr\u00eda lo que reduce la retenci\u00f3n de vapor de agua y conduce a la condensaci\u00f3n del vapor de agua: agua l\u00edquida.<\/p>\n<\/div><\/div><\/div><\/div><\/div><div class=\"fusion-fullwidth fullwidth-box fusion-builder-row-2 fusion-flex-container nonhundred-percent-fullwidth non-hundred-percent-height-scrolling\" style=\"--awb-border-radius-top-left:0px;--awb-border-radius-top-right:0px;--awb-border-radius-bottom-right:0px;--awb-border-radius-bottom-left:0px;\" ><div class=\"fusion-builder-row fusion-row fusion-flex-align-items-flex-start\" style=\"max-width:1227.2px;margin-left: calc(-4% \/ 2 );margin-right: calc(-4% \/ 2 );\"><div class=\"fusion-layout-column fusion_builder_column fusion-builder-column-1 fusion_builder_column_1_1 1_1 fusion-flex-column\" style=\"--awb-bg-size:cover;--awb-width-large:100%;--awb-spacing-right-large:1.92%;--awb-spacing-left-large:1.92%;--awb-width-medium:100%;--awb-order-medium:0;--awb-spacing-right-medium:1.92%;--awb-spacing-left-medium:1.92%;--awb-width-small:100%;--awb-order-small:0;--awb-spacing-right-small:1.92%;--awb-spacing-left-small:1.92%;\"><div class=\"fusion-column-wrapper fusion-column-has-shadow fusion-flex-justify-content-flex-start fusion-content-layout-column\"><div class=\"fusion-title title fusion-title-2 fusion-title-text fusion-title-size-three\" style=\"--awb-text-color:#181e21;\"><div class=\"title-sep-container title-sep-container-left fusion-no-large-visibility fusion-no-medium-visibility fusion-no-small-visibility\"><div class=\"title-sep sep- sep-solid\" style=\"border-color:#9ca1a6;\"><\/div><\/div><span class=\"awb-title-spacer fusion-no-large-visibility fusion-no-medium-visibility fusion-no-small-visibility\"><\/span><h3 class=\"title-heading-left fusion-responsive-typography-calculated\" style=\"margin:0;--fontSize:26;line-height:1.15;\">\u00bfPor qu\u00e9 se considera el agua un contaminante?<\/h3><span class=\"awb-title-spacer\"><\/span><div class=\"title-sep-container title-sep-container-right\"><div class=\"title-sep sep- sep-solid\" style=\"border-color:#9ca1a6;\"><\/div><\/div><\/div><div class=\"fusion-text fusion-text-3\" style=\"--awb-text-transform:none;\"><p>El vapor de agua en el aire respirable comprimido puede ser problem\u00e1tico por varias razones. Si el agua se condensa en l\u00edquido, puede congelarse en un clima fr\u00edo, creando un bloqueo potencialmente peligroso del flujo de aire. El alto contenido de agua tambi\u00e9n puede aumentar el riesgo de exposici\u00f3n a otros contaminantes, como part\u00edculas corrosivas. Puede encontrar vapor de agua, aerosol de agua y agua condensada en todo su sistema de aire respirable. Cada uno de estos conduce a la corrosi\u00f3n, exponiendo potencialmente al usuario a <a href=\"http:\/\/www.hse.gov.uk\/research\/rrpdf\/rr427.pdf\">material da\u00f1ino del interior del sistema y reduciendo la integridad estructural<\/a> . Por esta raz\u00f3n, aunque el aire ambiente puede tener f\u00e1cilmente 50.000 partes por mill\u00f3n (ppm) de agua, las especificaciones de aire respirable que analizan el agua tienen l\u00edmites mucho m\u00e1s bajos. <a href=\"https:\/\/www.airchecklab.com\/es\/servicios-2\/respirando-aire\/fuego-nfpa-1989\/\">NFPA 1989<\/a> , por ejemplo, especifica un l\u00edmite de 24 ppm.<\/p>\n<\/div><\/div><\/div><\/div><\/div><div class=\"fusion-fullwidth fullwidth-box fusion-builder-row-3 fusion-flex-container nonhundred-percent-fullwidth non-hundred-percent-height-scrolling\" style=\"--awb-border-radius-top-left:0px;--awb-border-radius-top-right:0px;--awb-border-radius-bottom-right:0px;--awb-border-radius-bottom-left:0px;\" ><div class=\"fusion-builder-row fusion-row fusion-flex-align-items-flex-start\" style=\"max-width:1227.2px;margin-left: calc(-4% \/ 2 );margin-right: calc(-4% \/ 2 );\"><div class=\"fusion-layout-column fusion_builder_column fusion-builder-column-2 fusion_builder_column_1_1 1_1 fusion-flex-column\" style=\"--awb-bg-size:cover;--awb-width-large:100%;--awb-spacing-right-large:1.92%;--awb-spacing-left-large:1.92%;--awb-width-medium:100%;--awb-order-medium:0;--awb-spacing-right-medium:1.92%;--awb-spacing-left-medium:1.92%;--awb-width-small:100%;--awb-order-small:0;--awb-spacing-right-small:1.92%;--awb-spacing-left-small:1.92%;\"><div class=\"fusion-column-wrapper fusion-column-has-shadow fusion-flex-justify-content-flex-start fusion-content-layout-column\"><div class=\"fusion-title title fusion-title-3 fusion-title-text fusion-title-size-three\" style=\"--awb-text-color:#181e21;\"><div class=\"title-sep-container title-sep-container-left fusion-no-large-visibility fusion-no-medium-visibility fusion-no-small-visibility\"><div class=\"title-sep sep- sep-solid\" style=\"border-color:#9ca1a6;\"><\/div><\/div><span class=\"awb-title-spacer fusion-no-large-visibility fusion-no-medium-visibility fusion-no-small-visibility\"><\/span><h3 class=\"title-heading-left fusion-responsive-typography-calculated\" style=\"margin:0;--fontSize:26;line-height:1.15;\">\u00bfQu\u00e9 significa un resultado de falla de agua para mi sistema de aire comprimido?<\/h3><span class=\"awb-title-spacer\"><\/span><div class=\"title-sep-container title-sep-container-right\"><div class=\"title-sep sep- sep-solid\" style=\"border-color:#9ca1a6;\"><\/div><\/div><\/div><div class=\"fusion-text fusion-text-4\"><p>Una falla para el vapor de agua a menudo indica un problema con el filtro del compresor. A diferencia del di\u00f3xido de carbono, las fallas del vapor de agua tienden a aumentar en los meses m\u00e1s c\u00e1lidos. Los filtros tienen una vida \u00fatil, pero esta vida asume una temperatura de 70 grados Fahrenheit. Si la temperatura en su entrada es m\u00e1s c\u00e1lida, su filtro se deteriorar\u00e1 m\u00e1s r\u00e1pido. Los informes de Trace Analytics muestran fallas que ocurren casi 5 veces m\u00e1s en julio que en enero.<\/p>\n<\/div><div class=\"fusion-image-element \" style=\"--awb-margin-bottom:20px;\"><span class=\" fusion-imageframe imageframe-none imageframe-1 hover-type-none\"><img decoding=\"async\" width=\"2498\" height=\"1242\" alt=\"Seasonal Water Vapor Results in Compressed Air Systems\" title=\"water failures by month\" src=\"https:\/\/www.airchecklab.com\/wp-content\/uploads\/2021\/09\/water-failures-by-month-.png\" data-orig-src=\"https:\/\/www.airchecklab.com\/wp-content\/uploads\/2021\/09\/water-failures-by-month-.png\" class=\"lazyload img-responsive wp-image-21397\" srcset=\"data:image\/svg+xml,%3Csvg%20xmlns%3D%27http%3A%2F%2Fwww.w3.org%2F2000%2Fsvg%27%20width%3D%272498%27%20height%3D%271242%27%20viewBox%3D%270%200%202498%201242%27%3E%3Crect%20width%3D%272498%27%20height%3D%271242%27%20fill-opacity%3D%220%22%2F%3E%3C%2Fsvg%3E\" data-srcset=\"https:\/\/www.airchecklab.com\/wp-content\/uploads\/2021\/09\/water-failures-by-month--200x99.png 200w, https:\/\/www.airchecklab.com\/wp-content\/uploads\/2021\/09\/water-failures-by-month--400x199.png 400w, https:\/\/www.airchecklab.com\/wp-content\/uploads\/2021\/09\/water-failures-by-month--600x298.png 600w, https:\/\/www.airchecklab.com\/wp-content\/uploads\/2021\/09\/water-failures-by-month--800x398.png 800w, https:\/\/www.airchecklab.com\/wp-content\/uploads\/2021\/09\/water-failures-by-month--1200x597.png 1200w, https:\/\/www.airchecklab.com\/wp-content\/uploads\/2021\/09\/water-failures-by-month-.png 2498w\" data-sizes=\"auto\" data-orig-sizes=\"(max-width: 1000px) 100vw, (max-width: 640px) 100vw, 1200px\" \/><\/span><\/div><div class=\"fusion-text fusion-text-5\" style=\"--awb-text-transform:none;\"><p>Si ha determinado que su filtro no es la fuente de su resultado de alto nivel de vapor de agua, hay otras fuentes que puede verificar. El drenaje de su compresor elimina la condensaci\u00f3n de su sistema de aire, pero si el drenaje no funciona correctamente o no se drena con la frecuencia suficiente, el agua puede volver a su aire. Los tramos largos de manguera pueden acumular y almacenar agua, particularmente aquellos de m\u00e1s de 10 pies de largo. En este caso, es mejor tomar la muestra de una manguera de llenado m\u00e1s corta o directamente del compresor.<\/p>\n<p>La parte posterior de la hoja de datos de AirCheck\u2713 y la <a href=\"https:\/\/www.airchecklab.com\/es\/academia-aircheck%e2%9c%93\/\">AirCheck Academy<\/a> contienen <a href=\"https:\/\/www.airchecklab.com\/es\/educacion\/aire-respirable-comprimido-contaminacion-por-vapor-de-agua\/\">sugerencias para<\/a> la resoluci\u00f3n de problemas. Estos consejos pueden resultar \u00fatiles, especialmente si las lecturas del tubo detector en el lugar indican que la lectura del vapor de agua est\u00e1 fuera de las especificaciones. Estos tubos detectores pueden ser una herramienta invaluable, ya que le permiten solucionar problemas de su compresor antes de enviar su muestra. Esto acelera el proceso de muestreo y resultados al permitirle tomar inmediatamente su nuevo muestreo gratuito y enviarlo con su muestra anterior, en lugar de esperar a obtener los resultados de su primera muestra.<\/p>\n<p>\u00bfTienes m\u00e1s preguntas?<\/p>\n<p>No se preocupe, nuestro experto equipo de servicio al cliente est\u00e1 disponible para responder cualquier pregunta.<\/p>\n<p><b><i>Referencias: <\/i><\/b><\/p>\n<p><i>Sikes, David. &#8220;Diez contaminantes que afectan su sistema de aire comprimido: primera parte&#8221;. Parker Hannifin, 20 de mayo de 2016, blog.parker.com\/10-contaminants-affecting-your-compressed-air-system-part-one.<\/i><\/p>\n<p><i>Reino Unido, Anthony, TG y PR Clarke. Ejecutivo de Seguridad y Salud, 2006. www.hse.gov.uk\/research\/rrpdf\/rr427.pdf. Informe de QuintCo Limited para el intercambio de salud y seguridad.<\/i><\/p>\n<\/div><\/div><\/div><\/div><\/div><\/p>\n","protected":false},"excerpt":{"rendered":"","protected":false},"author":11,"featured_media":21394,"comment_status":"closed","ping_status":"closed","sticky":false,"template":"","format":"standard","meta":{"content-type":""},"categories":[2844,2711,2713],"tags":[2894,2728,2798,2918,2789,2808,2917,2785,2721,2734,2723,2845],"yoast_head":"<!-- This site is optimized with the Yoast SEO Premium plugin v20.0 (Yoast SEO v20.0) - https:\/\/yoast.com\/wordpress\/plugins\/seo\/ -->\n<title>Aire respirable comprimido: contaminaci\u00f3n por vapor de agua - Trace Analytics, the AirCheck Lab<\/title>\n<meta name=\"robots\" content=\"index, follow, max-snippet:-1, max-image-preview:large, max-video-preview:-1\" \/>\n<link rel=\"canonical\" href=\"https:\/\/www.airchecklab.com\/es\/educacion\/aire-respirable-comprimido-contaminacion-por-vapor-de-agua\/\" \/>\n<meta property=\"og:locale\" content=\"es_ES\" \/>\n<meta property=\"og:type\" content=\"article\" \/>\n<meta property=\"og:title\" content=\"Aire respirable comprimido: contaminaci\u00f3n por vapor de agua\" \/>\n<meta property=\"og:url\" content=\"https:\/\/www.airchecklab.com\/es\/educacion\/aire-respirable-comprimido-contaminacion-por-vapor-de-agua\/\" \/>\n<meta property=\"og:site_name\" content=\"Trace Analytics, the AirCheck Lab\" \/>\n<meta property=\"article:published_time\" content=\"2021-12-27T16:12:08+00:00\" \/>\n<meta property=\"article:modified_time\" content=\"2021-12-27T16:12:11+00:00\" \/>\n<meta property=\"og:image\" content=\"https:\/\/www.airchecklab.com\/wp-content\/uploads\/2021\/09\/AdobeStock_357025493-scaled.jpeg\" \/>\n\t<meta property=\"og:image:width\" content=\"2560\" \/>\n\t<meta property=\"og:image:height\" content=\"1709\" \/>\n\t<meta property=\"og:image:type\" content=\"image\/jpeg\" \/>\n<meta name=\"author\" content=\"Jenny Palkowitsh\" \/>\n<meta name=\"twitter:card\" content=\"summary_large_image\" \/>\n<meta name=\"twitter:label1\" content=\"Escrito por\" \/>\n\t<meta name=\"twitter:data1\" content=\"Jenny Palkowitsh\" \/>\n\t<meta name=\"twitter:label2\" content=\"Tiempo de lectura\" \/>\n\t<meta name=\"twitter:data2\" content=\"13 minutos\" \/>\n<script type=\"application\/ld+json\" class=\"yoast-schema-graph\">{\"@context\":\"https:\/\/schema.org\",\"@graph\":[{\"@type\":\"Article\",\"@id\":\"https:\/\/www.airchecklab.com\/es\/educacion\/aire-respirable-comprimido-contaminacion-por-vapor-de-agua\/#article\",\"isPartOf\":{\"@id\":\"https:\/\/www.airchecklab.com\/es\/educacion\/aire-respirable-comprimido-contaminacion-por-vapor-de-agua\/\"},\"author\":{\"name\":\"Jenny Palkowitsh\",\"@id\":\"\/#\/schema\/person\/4674acc52fe6dd885a76d870271aefe9\"},\"headline\":\"Aire respirable comprimido: contaminaci\u00f3n por vapor de agua\",\"datePublished\":\"2021-12-27T16:12:08+00:00\",\"dateModified\":\"2021-12-27T16:12:11+00:00\",\"mainEntityOfPage\":{\"@id\":\"https:\/\/www.airchecklab.com\/es\/educacion\/aire-respirable-comprimido-contaminacion-por-vapor-de-agua\/\"},\"wordCount\":2664,\"publisher\":{\"@id\":\"\/#organization\"},\"keywords\":[\"agua\",\"aire comprimido\",\"An\u00e1lisis de seguimiento\",\"calidad del aire\",\"contaminaci\u00f3n\",\"contaminantes del aire comprimido\",\"h20\",\"NFPA\",\"prueba de aire comprimido\",\"pruebas\",\"Respirando aire\",\"vapor de agua\"],\"articleSection\":[\"Agua\",\"Educaci\u00f3n\",\"Respirando aire\"],\"inLanguage\":\"es\"},{\"@type\":\"WebPage\",\"@id\":\"https:\/\/www.airchecklab.com\/es\/educacion\/aire-respirable-comprimido-contaminacion-por-vapor-de-agua\/\",\"url\":\"https:\/\/www.airchecklab.com\/es\/educacion\/aire-respirable-comprimido-contaminacion-por-vapor-de-agua\/\",\"name\":\"Aire respirable comprimido: contaminaci\u00f3n por vapor de agua - Trace Analytics, the AirCheck Lab\",\"isPartOf\":{\"@id\":\"\/#website\"},\"datePublished\":\"2021-12-27T16:12:08+00:00\",\"dateModified\":\"2021-12-27T16:12:11+00:00\",\"breadcrumb\":{\"@id\":\"https:\/\/www.airchecklab.com\/es\/educacion\/aire-respirable-comprimido-contaminacion-por-vapor-de-agua\/#breadcrumb\"},\"inLanguage\":\"es\",\"potentialAction\":[{\"@type\":\"ReadAction\",\"target\":[\"https:\/\/www.airchecklab.com\/es\/educacion\/aire-respirable-comprimido-contaminacion-por-vapor-de-agua\/\"]}]},{\"@type\":\"BreadcrumbList\",\"@id\":\"https:\/\/www.airchecklab.com\/es\/educacion\/aire-respirable-comprimido-contaminacion-por-vapor-de-agua\/#breadcrumb\",\"itemListElement\":[{\"@type\":\"ListItem\",\"position\":1,\"name\":\"Home\",\"item\":\"https:\/\/www.airchecklab.com\/es\/analisis-de-seguimiento-pruebas-ambientales-y-de-aire-comprimido\/\"},{\"@type\":\"ListItem\",\"position\":2,\"name\":\"Aire respirable comprimido: contaminaci\u00f3n por vapor de agua\"}]},{\"@type\":\"WebSite\",\"@id\":\"\/#website\",\"url\":\"\/\",\"name\":\"Trace Analytics, the AirCheck Lab\",\"description\":\"Compressed Air Testing for ISO 8573, Microbial, SQF, Breathing Air\",\"publisher\":{\"@id\":\"\/#organization\"},\"potentialAction\":[{\"@type\":\"SearchAction\",\"target\":{\"@type\":\"EntryPoint\",\"urlTemplate\":\"\/?s={search_term_string}\"},\"query-input\":\"required name=search_term_string\"}],\"inLanguage\":\"es\"},{\"@type\":\"Organization\",\"@id\":\"\/#organization\",\"name\":\"Trace Analytics, LLC\",\"url\":\"\/\",\"logo\":{\"@type\":\"ImageObject\",\"inLanguage\":\"es\",\"@id\":\"\/#\/schema\/logo\/image\/\",\"url\":\"https:\/\/www.airchecklab.com\/wp-content\/uploads\/2021\/08\/Blue-01.png\",\"contentUrl\":\"https:\/\/www.airchecklab.com\/wp-content\/uploads\/2021\/08\/Blue-01.png\",\"width\":1600,\"height\":301,\"caption\":\"Trace Analytics, LLC\"},\"image\":{\"@id\":\"\/#\/schema\/logo\/image\/\"}},{\"@type\":\"Person\",\"@id\":\"\/#\/schema\/person\/4674acc52fe6dd885a76d870271aefe9\",\"name\":\"Jenny Palkowitsh\",\"image\":{\"@type\":\"ImageObject\",\"inLanguage\":\"es\",\"@id\":\"\/#\/schema\/person\/image\/\",\"url\":\"https:\/\/secure.gravatar.com\/avatar\/48b6b1dc022c7d2167738b09186b5d53?s=96&d=mm&r=g\",\"contentUrl\":\"https:\/\/secure.gravatar.com\/avatar\/48b6b1dc022c7d2167738b09186b5d53?s=96&d=mm&r=g\",\"caption\":\"Jenny Palkowitsh\"}}]}<\/script>\n<!-- \/ Yoast SEO Premium plugin. -->","yoast_head_json":{"title":"Aire respirable comprimido: contaminaci\u00f3n por vapor de agua - Trace Analytics, the AirCheck Lab","robots":{"index":"index","follow":"follow","max-snippet":"max-snippet:-1","max-image-preview":"max-image-preview:large","max-video-preview":"max-video-preview:-1"},"canonical":"https:\/\/www.airchecklab.com\/es\/educacion\/aire-respirable-comprimido-contaminacion-por-vapor-de-agua\/","og_locale":"es_ES","og_type":"article","og_title":"Aire respirable comprimido: contaminaci\u00f3n por vapor de agua","og_url":"https:\/\/www.airchecklab.com\/es\/educacion\/aire-respirable-comprimido-contaminacion-por-vapor-de-agua\/","og_site_name":"Trace Analytics, the AirCheck Lab","article_published_time":"2021-12-27T16:12:08+00:00","article_modified_time":"2021-12-27T16:12:11+00:00","og_image":[{"width":2560,"height":1709,"url":"https:\/\/www.airchecklab.com\/wp-content\/uploads\/2021\/09\/AdobeStock_357025493-scaled.jpeg","type":"image\/jpeg"}],"author":"Jenny Palkowitsh","twitter_card":"summary_large_image","twitter_misc":{"Escrito por":"Jenny Palkowitsh","Tiempo de lectura":"13 minutos"},"schema":{"@context":"https:\/\/schema.org","@graph":[{"@type":"Article","@id":"https:\/\/www.airchecklab.com\/es\/educacion\/aire-respirable-comprimido-contaminacion-por-vapor-de-agua\/#article","isPartOf":{"@id":"https:\/\/www.airchecklab.com\/es\/educacion\/aire-respirable-comprimido-contaminacion-por-vapor-de-agua\/"},"author":{"name":"Jenny Palkowitsh","@id":"\/#\/schema\/person\/4674acc52fe6dd885a76d870271aefe9"},"headline":"Aire respirable comprimido: contaminaci\u00f3n por vapor de agua","datePublished":"2021-12-27T16:12:08+00:00","dateModified":"2021-12-27T16:12:11+00:00","mainEntityOfPage":{"@id":"https:\/\/www.airchecklab.com\/es\/educacion\/aire-respirable-comprimido-contaminacion-por-vapor-de-agua\/"},"wordCount":2664,"publisher":{"@id":"\/#organization"},"keywords":["agua","aire comprimido","An\u00e1lisis de seguimiento","calidad del aire","contaminaci\u00f3n","contaminantes del aire comprimido","h20","NFPA","prueba de aire comprimido","pruebas","Respirando aire","vapor de agua"],"articleSection":["Agua","Educaci\u00f3n","Respirando aire"],"inLanguage":"es"},{"@type":"WebPage","@id":"https:\/\/www.airchecklab.com\/es\/educacion\/aire-respirable-comprimido-contaminacion-por-vapor-de-agua\/","url":"https:\/\/www.airchecklab.com\/es\/educacion\/aire-respirable-comprimido-contaminacion-por-vapor-de-agua\/","name":"Aire respirable comprimido: contaminaci\u00f3n por vapor de agua - Trace Analytics, the AirCheck Lab","isPartOf":{"@id":"\/#website"},"datePublished":"2021-12-27T16:12:08+00:00","dateModified":"2021-12-27T16:12:11+00:00","breadcrumb":{"@id":"https:\/\/www.airchecklab.com\/es\/educacion\/aire-respirable-comprimido-contaminacion-por-vapor-de-agua\/#breadcrumb"},"inLanguage":"es","potentialAction":[{"@type":"ReadAction","target":["https:\/\/www.airchecklab.com\/es\/educacion\/aire-respirable-comprimido-contaminacion-por-vapor-de-agua\/"]}]},{"@type":"BreadcrumbList","@id":"https:\/\/www.airchecklab.com\/es\/educacion\/aire-respirable-comprimido-contaminacion-por-vapor-de-agua\/#breadcrumb","itemListElement":[{"@type":"ListItem","position":1,"name":"Home","item":"https:\/\/www.airchecklab.com\/es\/analisis-de-seguimiento-pruebas-ambientales-y-de-aire-comprimido\/"},{"@type":"ListItem","position":2,"name":"Aire respirable comprimido: contaminaci\u00f3n por vapor de agua"}]},{"@type":"WebSite","@id":"\/#website","url":"\/","name":"Trace Analytics, the AirCheck Lab","description":"Compressed Air Testing for ISO 8573, Microbial, SQF, Breathing Air","publisher":{"@id":"\/#organization"},"potentialAction":[{"@type":"SearchAction","target":{"@type":"EntryPoint","urlTemplate":"\/?s={search_term_string}"},"query-input":"required name=search_term_string"}],"inLanguage":"es"},{"@type":"Organization","@id":"\/#organization","name":"Trace Analytics, LLC","url":"\/","logo":{"@type":"ImageObject","inLanguage":"es","@id":"\/#\/schema\/logo\/image\/","url":"https:\/\/www.airchecklab.com\/wp-content\/uploads\/2021\/08\/Blue-01.png","contentUrl":"https:\/\/www.airchecklab.com\/wp-content\/uploads\/2021\/08\/Blue-01.png","width":1600,"height":301,"caption":"Trace Analytics, LLC"},"image":{"@id":"\/#\/schema\/logo\/image\/"}},{"@type":"Person","@id":"\/#\/schema\/person\/4674acc52fe6dd885a76d870271aefe9","name":"Jenny Palkowitsh","image":{"@type":"ImageObject","inLanguage":"es","@id":"\/#\/schema\/person\/image\/","url":"https:\/\/secure.gravatar.com\/avatar\/48b6b1dc022c7d2167738b09186b5d53?s=96&d=mm&r=g","contentUrl":"https:\/\/secure.gravatar.com\/avatar\/48b6b1dc022c7d2167738b09186b5d53?s=96&d=mm&r=g","caption":"Jenny Palkowitsh"}}]}},"_links":{"self":[{"href":"https:\/\/www.airchecklab.com\/es\/wp-json\/wp\/v2\/posts\/23080"}],"collection":[{"href":"https:\/\/www.airchecklab.com\/es\/wp-json\/wp\/v2\/posts"}],"about":[{"href":"https:\/\/www.airchecklab.com\/es\/wp-json\/wp\/v2\/types\/post"}],"author":[{"embeddable":true,"href":"https:\/\/www.airchecklab.com\/es\/wp-json\/wp\/v2\/users\/11"}],"replies":[{"embeddable":true,"href":"https:\/\/www.airchecklab.com\/es\/wp-json\/wp\/v2\/comments?post=23080"}],"version-history":[{"count":2,"href":"https:\/\/www.airchecklab.com\/es\/wp-json\/wp\/v2\/posts\/23080\/revisions"}],"predecessor-version":[{"id":23088,"href":"https:\/\/www.airchecklab.com\/es\/wp-json\/wp\/v2\/posts\/23080\/revisions\/23088"}],"wp:featuredmedia":[{"embeddable":true,"href":"https:\/\/www.airchecklab.com\/es\/wp-json\/wp\/v2\/media\/21394"}],"wp:attachment":[{"href":"https:\/\/www.airchecklab.com\/es\/wp-json\/wp\/v2\/media?parent=23080"}],"wp:term":[{"taxonomy":"category","embeddable":true,"href":"https:\/\/www.airchecklab.com\/es\/wp-json\/wp\/v2\/categories?post=23080"},{"taxonomy":"post_tag","embeddable":true,"href":"https:\/\/www.airchecklab.com\/es\/wp-json\/wp\/v2\/tags?post=23080"}],"curies":[{"name":"wp","href":"https:\/\/api.w.org\/{rel}","templated":true}]}}