{"id":31530,"date":"2025-01-15T08:58:29","date_gmt":"2025-01-15T14:58:29","guid":{"rendered":"https:\/\/www.airchecklab.com\/evitar-la-contaminacion-por-co2-en-los-meses-mas-frios\/"},"modified":"2025-01-16T15:31:04","modified_gmt":"2025-01-16T21:31:04","slug":"evitar-la-contaminacion-por-co2-en-los-meses-mas-frios","status":"publish","type":"post","link":"https:\/\/www.airchecklab.com\/es\/respirando-aire\/evitar-la-contaminacion-por-co2-en-los-meses-mas-frios\/","title":{"rendered":"Evitar la contaminaci\u00f3n por CO2 en los meses m\u00e1s fr\u00edos"},"content":{"rendered":"<p>Durante el invierno, los esfuerzos por mantener el fr\u00edo fuera suelen provocar un aumento involuntario de los niveles de di\u00f3xido de carbono<a href=\"https:\/\/www.airchecklab.com\/topic\/carbon-dioxide\/\">(CO2<\/a>) en el interior. Entre noviembre y febrero se registran con m\u00e1s frecuencia casos de contaminaci\u00f3n por CO2 que dan lugar a fallos en las pruebas de aire, seg\u00fan <a href=\"https:\/\/www.airchecklab.com\/services\/breathing-air\/compressed-air-nfpa-1989\/\">las normas NFPA 1989<\/a>, que en cualquier otra \u00e9poca del a\u00f1o. Causas comunes como una ventilaci\u00f3n deficiente, una colocaci\u00f3n inadecuada del compresor de aire y un mayor uso de la calefacci\u00f3n por horno provocan estos fallos de especificaci\u00f3n. A continuaci\u00f3n se expone brevemente lo que se puede hacer para evitar estos fallos.     <\/p>\n<p style=\"text-align: center;\">  Resultados de CO2 de los clientes por mes seg\u00fan NFPA 1989<br \/>\n<a href=\"https:\/\/www.airchecklab.com\/wp-content\/uploads\/2025\/01\/CO2-contamination-customer-data-by-month-600x372.png\"><img decoding=\"async\" src=\"https:\/\/www.airchecklab.com\/wp-content\/uploads\/2025\/01\/CO2-contamination-customer-data-by-month-600x372.png\" data-orig-src=\"https:\/\/www.airchecklab.com\/wp-content\/uploads\/2025\/01\/CO2-contamination-customer-data-by-month-600x372.png\" alt=\"\" width=\"600\" height=\"372\" class=\"lazyload alignnone size-fusion-600 wp-image-31545\" srcset=\"data:image\/svg+xml,%3Csvg%20xmlns%3D%27http%3A%2F%2Fwww.w3.org%2F2000%2Fsvg%27%20width%3D%27600%27%20height%3D%27372%27%20viewBox%3D%270%200%20600%20372%27%3E%3Crect%20width%3D%27600%27%20height%3D%27372%27%20fill-opacity%3D%220%22%2F%3E%3C%2Fsvg%3E\" data-srcset=\"https:\/\/www.airchecklab.com\/wp-content\/uploads\/2025\/01\/CO2-contamination-customer-data-by-month-200x124.png 200w, https:\/\/www.airchecklab.com\/wp-content\/uploads\/2025\/01\/CO2-contamination-customer-data-by-month-300x186.png 300w, https:\/\/www.airchecklab.com\/wp-content\/uploads\/2025\/01\/CO2-contamination-customer-data-by-month-400x248.png 400w, https:\/\/www.airchecklab.com\/wp-content\/uploads\/2025\/01\/CO2-contamination-customer-data-by-month-600x372.png 600w, https:\/\/www.airchecklab.com\/wp-content\/uploads\/2025\/01\/CO2-contamination-customer-data-by-month-768x476.png 768w, https:\/\/www.airchecklab.com\/wp-content\/uploads\/2025\/01\/CO2-contamination-customer-data-by-month-800x496.png 800w, https:\/\/www.airchecklab.com\/wp-content\/uploads\/2025\/01\/CO2-contamination-customer-data-by-month-1024x634.png 1024w, https:\/\/www.airchecklab.com\/wp-content\/uploads\/2025\/01\/CO2-contamination-customer-data-by-month.png 1114w\" data-sizes=\"auto\" data-orig-sizes=\"(max-width: 600px) 100vw, 600px\" \/><\/a> <\/p>\n<p>La norma NFPA 1989 recomienda mantener los niveles de CO2 del aire comprimido por debajo de 1000 ppm para evitar s\u00edntomas leves como somnolencia y dolores de cabeza durante los rescates. De media, el aire ambiente de nuestros clientes que siguen las directrices de la NFPA 1989 tiene una concentraci\u00f3n de CO2 de 474 ppm. Aunque hay varios factores que contribuyen al aumento de los niveles de CO2, controlar el flujo de aire en el entorno localizado del parque de bomberos puede ayudar a evitar que se agraven los problemas de CO2 en los sistemas de aire comprimido.    <\/p>\n<h2>  Mejorar la ventilaci\u00f3n interior:  <\/h2>\n<p>La mayor\u00eda de los parques de bomberos modernos est\u00e1n dise\u00f1ados con disposiciones de <a href=\"https:\/\/evstudio.com\/designing-fire-stations-that-keep-fire-fighters-safe\/\">tres zonas<\/a> para contener los contaminantes. El sistema de ventilaci\u00f3n debe guiar el flujo de aire desde las zonas fr\u00edas, que tienen la mayor presi\u00f3n de aire y la menor exposici\u00f3n, hacia las zonas calientes, donde los contaminantes son m\u00e1s frecuentes. Tanto si la estaci\u00f3n utiliza ventilaci\u00f3n activa como pasiva, pueden tomarse medidas para mejorar el flujo y la calidad del aire. Los sistemas activos suelen garantizar una calidad del aire constante, pero el mantenimiento es fundamental para mantener los niveles de CO2 dentro de l\u00edmites saludables y reducir as\u00ed la posible contaminaci\u00f3n del aire comprimido. Comprueba regularmente los filtros de aire, las tomas y los escapes para asegurar un funcionamiento correcto y una calidad \u00f3ptima del aire. Aseg\u00farate de que la entrada de aire procede de una zona limpia del exterior. Con una instalaci\u00f3n de ventilaci\u00f3n pasiva, se puede crear manualmente un flujo de aire de las zonas fr\u00edas a las calientes abriendo ventanas adicionales para intercambiar el aire viciado con el aire fresco del exterior unas cuantas veces al d\u00eda.        <\/p>\n<h2>  Colocaci\u00f3n del compresor de aire para reducir la contaminaci\u00f3n por CO2  <\/h2>\n<p>Dado que el aire ambiente es intr\u00ednsecamente una fuente de contaminaci\u00f3n del aire comprimido, la ubicaci\u00f3n estrat\u00e9gica del compresor es primordial para la calidad del aire del ERA (aparato respiratorio aut\u00f3nomo). Los compresores de aire deben mantenerse en un lugar bien ventilado en el que no se acumule posible contaminaci\u00f3n. Mant\u00e9n el compresor alejado de sistemas de calefacci\u00f3n, zonas de escape de camiones de bomberos y lugares como el armario del conserje, que son <a href=\"\">fuentes de contaminantes de interior de alto riesgo<\/a>. Algunos sistemas de calefacci\u00f3n, como los hornos de gas, producen CO2 como subproducto. La contaminaci\u00f3n por CO2 suele producirse en los escapes de las bah\u00edas de camiones. Aunque la colocaci\u00f3n de compresores de aire en el exterior no es lo ideal, puede hacerse con cuidado. Por ejemplo, almacenar un compresor en un aparcamiento lo expone a m\u00e1s emisiones que una ubicaci\u00f3n m\u00e1s alejada de los veh\u00edculos y otras actividades comerciales. Aunque las limitaciones de espacio en los parques de bomberos pueden limitar la ubicaci\u00f3n ideal, es importante recordar que los compresores de aire y el sistema de cascada no tienen por qu\u00e9 estar situados juntos. Tambi\u00e9n es posible pasar una manguera de alta presi\u00f3n al sistema de cascada desde otra zona, seg\u00fan Brett Greenlee, director de ventas de Trace Analytics y bombero. La mejor forma de asegurarte de que tu compresor est\u00e1 preparado para producir aire comprimido seguro es comprobar la calidad del aire con Trace Analytics. Ya sea para trasladar un compresor, realizar reparaciones o llevar a cabo un mantenimiento preventivo, las pruebas peri\u00f3dicas garantizan el cumplimiento de las normas NFPA 1989 y ayudan a los parques de bomberos a mantener la calidad del aire que protege vidas.     <\/p>\n","protected":false},"excerpt":{"rendered":"<p>Durante el invierno, los esfuerzos por mantener el fr\u00edo fuera suelen provocar un aumento involuntario de los niveles de di\u00f3xido de carbono(CO2) en el interior. Entre noviembre y febrero se registran con m\u00e1s frecuencia casos de contaminaci\u00f3n por CO2 que dan lugar a fallos en las pruebas de aire, seg\u00fan las normas NFPA 1989, que en cualquier otra \u00e9poca del a\u00f1o. Causas comunes como una ventilaci\u00f3n deficiente, una colocaci\u00f3n inadecuada del compresor de aire y un mayor uso de la [&hellip;]<\/p>\n","protected":false},"author":11,"featured_media":31523,"comment_status":"closed","ping_status":"closed","sticky":false,"template":"","format":"standard","meta":{"content-type":""},"categories":[2773,2713],"tags":[2739,2904,3784,3780,3782,3783,2780,2723,3781],"yoast_head":"<!-- This site is optimized with the Yoast SEO Premium plugin v20.0 (Yoast SEO v20.0) - https:\/\/yoast.com\/wordpress\/plugins\/seo\/ -->\n<title>Evitar la contaminaci\u00f3n por CO2 en los meses m\u00e1s fr\u00edos - Trace Analytics, the AirCheck Lab<\/title>\n<meta name=\"description\" content=\"Los meses de invierno provocan un aumento de los fallos de CO2 en las muestras de aire comprimido. M\u00e1s informaci\u00f3n sobre c\u00f3mo evitar la contaminaci\u00f3n.\" \/>\n<meta name=\"robots\" content=\"index, follow, max-snippet:-1, max-image-preview:large, max-video-preview:-1\" \/>\n<link rel=\"canonical\" href=\"https:\/\/www.airchecklab.com\/es\/respirando-aire\/evitar-la-contaminacion-por-co2-en-los-meses-mas-frios\/\" \/>\n<meta property=\"og:locale\" content=\"es_ES\" \/>\n<meta property=\"og:type\" content=\"article\" \/>\n<meta property=\"og:title\" content=\"Evitar la contaminaci\u00f3n por CO2 en los meses m\u00e1s fr\u00edos\" \/>\n<meta property=\"og:description\" content=\"Los meses de invierno provocan un aumento de los fallos de CO2 en las muestras de aire comprimido. M\u00e1s informaci\u00f3n sobre c\u00f3mo evitar la contaminaci\u00f3n.\" \/>\n<meta property=\"og:url\" content=\"https:\/\/www.airchecklab.com\/es\/respirando-aire\/evitar-la-contaminacion-por-co2-en-los-meses-mas-frios\/\" \/>\n<meta property=\"og:site_name\" content=\"Trace Analytics, the AirCheck Lab\" \/>\n<meta property=\"article:published_time\" content=\"2025-01-15T14:58:29+00:00\" \/>\n<meta property=\"article:modified_time\" content=\"2025-01-16T21:31:04+00:00\" \/>\n<meta property=\"og:image\" content=\"https:\/\/www.airchecklab.com\/wp-content\/uploads\/2025\/01\/CO2-contamination-fire-station-winter-scaled.jpg\" \/>\n\t<meta property=\"og:image:width\" content=\"2048\" \/>\n\t<meta property=\"og:image:height\" content=\"2560\" \/>\n\t<meta property=\"og:image:type\" content=\"image\/jpeg\" \/>\n<meta name=\"author\" content=\"Jenny Palkowitsh\" \/>\n<meta name=\"twitter:card\" content=\"summary_large_image\" \/>\n<meta name=\"twitter:label1\" content=\"Escrito por\" \/>\n\t<meta name=\"twitter:data1\" content=\"Jenny Palkowitsh\" \/>\n\t<meta name=\"twitter:label2\" content=\"Tiempo de lectura\" \/>\n\t<meta name=\"twitter:data2\" content=\"4 minutos\" \/>\n<script type=\"application\/ld+json\" class=\"yoast-schema-graph\">{\"@context\":\"https:\/\/schema.org\",\"@graph\":[{\"@type\":\"Article\",\"@id\":\"https:\/\/www.airchecklab.com\/es\/respirando-aire\/evitar-la-contaminacion-por-co2-en-los-meses-mas-frios\/#article\",\"isPartOf\":{\"@id\":\"https:\/\/www.airchecklab.com\/es\/respirando-aire\/evitar-la-contaminacion-por-co2-en-los-meses-mas-frios\/\"},\"author\":{\"name\":\"Jenny Palkowitsh\",\"@id\":\"\/#\/schema\/person\/4674acc52fe6dd885a76d870271aefe9\"},\"headline\":\"Evitar la contaminaci\u00f3n por CO2 en los meses m\u00e1s fr\u00edos\",\"datePublished\":\"2025-01-15T14:58:29+00:00\",\"dateModified\":\"2025-01-16T21:31:04+00:00\",\"mainEntityOfPage\":{\"@id\":\"https:\/\/www.airchecklab.com\/es\/respirando-aire\/evitar-la-contaminacion-por-co2-en-los-meses-mas-frios\/\"},\"wordCount\":754,\"publisher\":{\"@id\":\"\/#organization\"},\"keywords\":[\"aire respirable comprimido\",\"Contaminaci\u00f3n por CO2\",\"contaminaci\u00f3n por co2 en invierno\",\"fallo de co2\",\"fallo del aire comprimido\",\"fallo del co2 en invierno\",\"NFPA 1989\",\"Respirando aire\",\"seguridad de los bomberos\"],\"articleSection\":[\"Fuego\",\"Respirando aire\"],\"inLanguage\":\"es\"},{\"@type\":\"WebPage\",\"@id\":\"https:\/\/www.airchecklab.com\/es\/respirando-aire\/evitar-la-contaminacion-por-co2-en-los-meses-mas-frios\/\",\"url\":\"https:\/\/www.airchecklab.com\/es\/respirando-aire\/evitar-la-contaminacion-por-co2-en-los-meses-mas-frios\/\",\"name\":\"Evitar la contaminaci\u00f3n por CO2 en los meses m\u00e1s fr\u00edos - Trace Analytics, the AirCheck Lab\",\"isPartOf\":{\"@id\":\"\/#website\"},\"datePublished\":\"2025-01-15T14:58:29+00:00\",\"dateModified\":\"2025-01-16T21:31:04+00:00\",\"description\":\"Los meses de invierno provocan un aumento de los fallos de CO2 en las muestras de aire comprimido. M\u00e1s informaci\u00f3n sobre c\u00f3mo evitar la contaminaci\u00f3n.\",\"breadcrumb\":{\"@id\":\"https:\/\/www.airchecklab.com\/es\/respirando-aire\/evitar-la-contaminacion-por-co2-en-los-meses-mas-frios\/#breadcrumb\"},\"inLanguage\":\"es\",\"potentialAction\":[{\"@type\":\"ReadAction\",\"target\":[\"https:\/\/www.airchecklab.com\/es\/respirando-aire\/evitar-la-contaminacion-por-co2-en-los-meses-mas-frios\/\"]}]},{\"@type\":\"BreadcrumbList\",\"@id\":\"https:\/\/www.airchecklab.com\/es\/respirando-aire\/evitar-la-contaminacion-por-co2-en-los-meses-mas-frios\/#breadcrumb\",\"itemListElement\":[{\"@type\":\"ListItem\",\"position\":1,\"name\":\"Home\",\"item\":\"https:\/\/www.airchecklab.com\/es\/analisis-de-seguimiento-pruebas-ambientales-y-de-aire-comprimido\/\"},{\"@type\":\"ListItem\",\"position\":2,\"name\":\"Evitar la contaminaci\u00f3n por CO2 en los meses m\u00e1s fr\u00edos\"}]},{\"@type\":\"WebSite\",\"@id\":\"\/#website\",\"url\":\"\/\",\"name\":\"Trace Analytics, the AirCheck Lab\",\"description\":\"Compressed Air Testing for ISO 8573, Microbial, SQF, Breathing Air\",\"publisher\":{\"@id\":\"\/#organization\"},\"potentialAction\":[{\"@type\":\"SearchAction\",\"target\":{\"@type\":\"EntryPoint\",\"urlTemplate\":\"\/?s={search_term_string}\"},\"query-input\":\"required name=search_term_string\"}],\"inLanguage\":\"es\"},{\"@type\":\"Organization\",\"@id\":\"\/#organization\",\"name\":\"Trace Analytics, LLC\",\"url\":\"\/\",\"logo\":{\"@type\":\"ImageObject\",\"inLanguage\":\"es\",\"@id\":\"\/#\/schema\/logo\/image\/\",\"url\":\"https:\/\/www.airchecklab.com\/wp-content\/uploads\/2021\/08\/Blue-01.png\",\"contentUrl\":\"https:\/\/www.airchecklab.com\/wp-content\/uploads\/2021\/08\/Blue-01.png\",\"width\":1600,\"height\":301,\"caption\":\"Trace Analytics, LLC\"},\"image\":{\"@id\":\"\/#\/schema\/logo\/image\/\"}},{\"@type\":\"Person\",\"@id\":\"\/#\/schema\/person\/4674acc52fe6dd885a76d870271aefe9\",\"name\":\"Jenny Palkowitsh\",\"image\":{\"@type\":\"ImageObject\",\"inLanguage\":\"es\",\"@id\":\"\/#\/schema\/person\/image\/\",\"url\":\"https:\/\/secure.gravatar.com\/avatar\/48b6b1dc022c7d2167738b09186b5d53?s=96&d=mm&r=g\",\"contentUrl\":\"https:\/\/secure.gravatar.com\/avatar\/48b6b1dc022c7d2167738b09186b5d53?s=96&d=mm&r=g\",\"caption\":\"Jenny Palkowitsh\"}}]}<\/script>\n<!-- \/ Yoast SEO Premium plugin. -->","yoast_head_json":{"title":"Evitar la contaminaci\u00f3n por CO2 en los meses m\u00e1s fr\u00edos - Trace Analytics, the AirCheck Lab","description":"Los meses de invierno provocan un aumento de los fallos de CO2 en las muestras de aire comprimido. M\u00e1s informaci\u00f3n sobre c\u00f3mo evitar la contaminaci\u00f3n.","robots":{"index":"index","follow":"follow","max-snippet":"max-snippet:-1","max-image-preview":"max-image-preview:large","max-video-preview":"max-video-preview:-1"},"canonical":"https:\/\/www.airchecklab.com\/es\/respirando-aire\/evitar-la-contaminacion-por-co2-en-los-meses-mas-frios\/","og_locale":"es_ES","og_type":"article","og_title":"Evitar la contaminaci\u00f3n por CO2 en los meses m\u00e1s fr\u00edos","og_description":"Los meses de invierno provocan un aumento de los fallos de CO2 en las muestras de aire comprimido. M\u00e1s informaci\u00f3n sobre c\u00f3mo evitar la contaminaci\u00f3n.","og_url":"https:\/\/www.airchecklab.com\/es\/respirando-aire\/evitar-la-contaminacion-por-co2-en-los-meses-mas-frios\/","og_site_name":"Trace Analytics, the AirCheck Lab","article_published_time":"2025-01-15T14:58:29+00:00","article_modified_time":"2025-01-16T21:31:04+00:00","og_image":[{"width":2048,"height":2560,"url":"https:\/\/www.airchecklab.com\/wp-content\/uploads\/2025\/01\/CO2-contamination-fire-station-winter-scaled.jpg","type":"image\/jpeg"}],"author":"Jenny Palkowitsh","twitter_card":"summary_large_image","twitter_misc":{"Escrito por":"Jenny Palkowitsh","Tiempo de lectura":"4 minutos"},"schema":{"@context":"https:\/\/schema.org","@graph":[{"@type":"Article","@id":"https:\/\/www.airchecklab.com\/es\/respirando-aire\/evitar-la-contaminacion-por-co2-en-los-meses-mas-frios\/#article","isPartOf":{"@id":"https:\/\/www.airchecklab.com\/es\/respirando-aire\/evitar-la-contaminacion-por-co2-en-los-meses-mas-frios\/"},"author":{"name":"Jenny Palkowitsh","@id":"\/#\/schema\/person\/4674acc52fe6dd885a76d870271aefe9"},"headline":"Evitar la contaminaci\u00f3n por CO2 en los meses m\u00e1s fr\u00edos","datePublished":"2025-01-15T14:58:29+00:00","dateModified":"2025-01-16T21:31:04+00:00","mainEntityOfPage":{"@id":"https:\/\/www.airchecklab.com\/es\/respirando-aire\/evitar-la-contaminacion-por-co2-en-los-meses-mas-frios\/"},"wordCount":754,"publisher":{"@id":"\/#organization"},"keywords":["aire respirable comprimido","Contaminaci\u00f3n por CO2","contaminaci\u00f3n por co2 en invierno","fallo de co2","fallo del aire comprimido","fallo del co2 en invierno","NFPA 1989","Respirando aire","seguridad de los bomberos"],"articleSection":["Fuego","Respirando aire"],"inLanguage":"es"},{"@type":"WebPage","@id":"https:\/\/www.airchecklab.com\/es\/respirando-aire\/evitar-la-contaminacion-por-co2-en-los-meses-mas-frios\/","url":"https:\/\/www.airchecklab.com\/es\/respirando-aire\/evitar-la-contaminacion-por-co2-en-los-meses-mas-frios\/","name":"Evitar la contaminaci\u00f3n por CO2 en los meses m\u00e1s fr\u00edos - Trace Analytics, the AirCheck Lab","isPartOf":{"@id":"\/#website"},"datePublished":"2025-01-15T14:58:29+00:00","dateModified":"2025-01-16T21:31:04+00:00","description":"Los meses de invierno provocan un aumento de los fallos de CO2 en las muestras de aire comprimido. M\u00e1s informaci\u00f3n sobre c\u00f3mo evitar la contaminaci\u00f3n.","breadcrumb":{"@id":"https:\/\/www.airchecklab.com\/es\/respirando-aire\/evitar-la-contaminacion-por-co2-en-los-meses-mas-frios\/#breadcrumb"},"inLanguage":"es","potentialAction":[{"@type":"ReadAction","target":["https:\/\/www.airchecklab.com\/es\/respirando-aire\/evitar-la-contaminacion-por-co2-en-los-meses-mas-frios\/"]}]},{"@type":"BreadcrumbList","@id":"https:\/\/www.airchecklab.com\/es\/respirando-aire\/evitar-la-contaminacion-por-co2-en-los-meses-mas-frios\/#breadcrumb","itemListElement":[{"@type":"ListItem","position":1,"name":"Home","item":"https:\/\/www.airchecklab.com\/es\/analisis-de-seguimiento-pruebas-ambientales-y-de-aire-comprimido\/"},{"@type":"ListItem","position":2,"name":"Evitar la contaminaci\u00f3n por CO2 en los meses m\u00e1s fr\u00edos"}]},{"@type":"WebSite","@id":"\/#website","url":"\/","name":"Trace Analytics, the AirCheck Lab","description":"Compressed Air Testing for ISO 8573, Microbial, SQF, Breathing Air","publisher":{"@id":"\/#organization"},"potentialAction":[{"@type":"SearchAction","target":{"@type":"EntryPoint","urlTemplate":"\/?s={search_term_string}"},"query-input":"required name=search_term_string"}],"inLanguage":"es"},{"@type":"Organization","@id":"\/#organization","name":"Trace Analytics, LLC","url":"\/","logo":{"@type":"ImageObject","inLanguage":"es","@id":"\/#\/schema\/logo\/image\/","url":"https:\/\/www.airchecklab.com\/wp-content\/uploads\/2021\/08\/Blue-01.png","contentUrl":"https:\/\/www.airchecklab.com\/wp-content\/uploads\/2021\/08\/Blue-01.png","width":1600,"height":301,"caption":"Trace Analytics, LLC"},"image":{"@id":"\/#\/schema\/logo\/image\/"}},{"@type":"Person","@id":"\/#\/schema\/person\/4674acc52fe6dd885a76d870271aefe9","name":"Jenny Palkowitsh","image":{"@type":"ImageObject","inLanguage":"es","@id":"\/#\/schema\/person\/image\/","url":"https:\/\/secure.gravatar.com\/avatar\/48b6b1dc022c7d2167738b09186b5d53?s=96&d=mm&r=g","contentUrl":"https:\/\/secure.gravatar.com\/avatar\/48b6b1dc022c7d2167738b09186b5d53?s=96&d=mm&r=g","caption":"Jenny Palkowitsh"}}]}},"_links":{"self":[{"href":"https:\/\/www.airchecklab.com\/es\/wp-json\/wp\/v2\/posts\/31530"}],"collection":[{"href":"https:\/\/www.airchecklab.com\/es\/wp-json\/wp\/v2\/posts"}],"about":[{"href":"https:\/\/www.airchecklab.com\/es\/wp-json\/wp\/v2\/types\/post"}],"author":[{"embeddable":true,"href":"https:\/\/www.airchecklab.com\/es\/wp-json\/wp\/v2\/users\/11"}],"replies":[{"embeddable":true,"href":"https:\/\/www.airchecklab.com\/es\/wp-json\/wp\/v2\/comments?post=31530"}],"version-history":[{"count":6,"href":"https:\/\/www.airchecklab.com\/es\/wp-json\/wp\/v2\/posts\/31530\/revisions"}],"predecessor-version":[{"id":31555,"href":"https:\/\/www.airchecklab.com\/es\/wp-json\/wp\/v2\/posts\/31530\/revisions\/31555"}],"wp:featuredmedia":[{"embeddable":true,"href":"https:\/\/www.airchecklab.com\/es\/wp-json\/wp\/v2\/media\/31523"}],"wp:attachment":[{"href":"https:\/\/www.airchecklab.com\/es\/wp-json\/wp\/v2\/media?parent=31530"}],"wp:term":[{"taxonomy":"category","embeddable":true,"href":"https:\/\/www.airchecklab.com\/es\/wp-json\/wp\/v2\/categories?post=31530"},{"taxonomy":"post_tag","embeddable":true,"href":"https:\/\/www.airchecklab.com\/es\/wp-json\/wp\/v2\/tags?post=31530"}],"curies":[{"name":"wp","href":"https:\/\/api.w.org\/{rel}","templated":true}]}}